{"id":421,"date":"2022-03-13T23:44:41","date_gmt":"2022-03-13T20:44:41","guid":{"rendered":"https:\/\/www.drziyayavuz.com\/tr\/?p=421"},"modified":"2022-03-13T23:44:41","modified_gmt":"2022-03-13T20:44:41","slug":"sac-ekimi-sonrasi-ekilen-saclar-ne-zaman-cikar","status":"publish","type":"post","link":"https:\/\/www.drziyayavuz.com\/tr\/sac-ekimi-sonrasi-ekilen-saclar-ne-zaman-cikar\/","title":{"rendered":"Sa\u00e7 Ekimi Sonras\u0131 Ekilen Sa\u00e7lar Ne Zaman \u00c7\u0131kar?"},"content":{"rendered":"<p><a href=\"https:\/\/www.drziyayavuz.com\/tr\/sac-ekimi-fiyatlari\/\"><strong>Sa\u00e7 ekimi<\/strong> <\/a>sonras\u0131 bir an \u00f6nce istenilen g\u00f6r\u00fcnt\u00fcye kavu\u015fmak istenilse de bu s\u00fcre\u00e7 biraz bekleyi\u015f gerektirir. Dolay\u0131s\u0131yla bu i\u015flemi yapt\u0131ran veya yapt\u0131rmay\u0131 d\u00fc\u015f\u00fcnen ki\u015filer sa\u00e7lar\u0131n\u0131n ne zaman \u00e7\u0131kaca\u011f\u0131n\u0131 merak etmektedir. Yeni sa\u00e7lar\u0131n \u00e7\u0131kmas\u0131 i\u015flemde kullan\u0131lan tekni\u011fe g\u00f6re, hastan\u0131n sa\u00e7 telinin kal\u0131nl\u0131\u011f\u0131na ve rengine g\u00f6re, yap\u0131lan bak\u0131ma g\u00f6re, \u00e7evresel fakt\u00f6rlere g\u00f6re ve don\u00f6r b\u00f6lgesine g\u00f6re de\u011fi\u015fmektedir. Dolay\u0131s\u0131yla i\u015flem sonras\u0131ndaki her detaya olduk\u00e7a dikkat etmek gerekir. Zaman i\u00e7erisinde a\u00e7\u0131klamak gerekirse<\/p>\n<p>\u0130\u015flemden sonraki ilk on be\u015finci g\u00fcnden itibaren don\u00f6r b\u00f6lgesinden al\u0131n\u0131p al\u0131c\u0131 b\u00f6lgeye nakledilen sa\u00e7larda \u015fok d\u00f6k\u00fclme evresi ad\u0131 verilen d\u00f6k\u00fclmeler ba\u015flar. Bu d\u00f6k\u00fclmeler \u00fc\u00e7\u00fcnc\u00fc ay\u0131n sonuna kadar devam eder. Bu evre ki\u015fiye g\u00f6re de\u011fi\u015fmekle birlikte sa\u00e7lar\u0131n tamam\u0131n\u0131n kayb\u0131 ile de sonu\u00e7lanabilir. Fakat endi\u015fe etmeye gerek yoktur d\u00f6k\u00fclen sa\u00e7lar\u0131n yenisi ve kal\u0131c\u0131 olan\u0131 k\u0131sa s\u00fcrede \u00e7\u0131kmaya ba\u015flayacakt\u0131r.<\/p>\n<p>\u0130\u015flemden sonraki \u00fc\u00e7\u00fcnc\u00fc ay\u0131n sonunda d\u00f6k\u00fclmeler tamamen durmu\u015ftur ve kafa derisi hi\u00e7 sa\u00e7 ekimi uygulanmam\u0131\u015f gibidir. Kafa derisinde sivilce, ka\u015f\u0131nt\u0131 g\u00f6r\u00fclebilir. Bu durumlar yeni \u00e7\u0131kan sa\u00e7lar\u0131n habercisidir. Sivilcelere dokunulmamal\u0131, hekimin \u00f6nerisi d\u0131\u015f\u0131nda \u00fcr\u00fcn kullan\u0131lmamal\u0131, kafa derisi ka\u015f\u0131nmamal\u0131d\u0131r. Aksi halde yeni \u00e7\u0131kan sa\u00e7 k\u00f6klerine zarar gelebilir.<\/p>\n<p>Yeni \u00e7\u0131kan sa\u00e7lar\u0131n uzamas\u0131 d\u00f6rd\u00fcnc\u00fc ayda h\u0131zlan\u0131r ve alt\u0131nc\u0131 aya gelindi\u011finde yeni sa\u00e7lar\u0131n \u00e7\u0131kmas\u0131 %60 oran\u0131nda tamamlanm\u0131\u015f olur. \u00dc\u00e7\u00fcnc\u00fc ayda g\u00f6r\u00fclen \u015fikayetler alt\u0131nc\u0131 ay\u0131n sonunda g\u00f6r\u00fclmez ve hasta rahatlam\u0131\u015f olur.<\/p>\n<p>Yeni sa\u00e7lar\u0131n \u00e7\u0131kmas\u0131n\u0131n %80-%90 oldu\u011fu ay sekizinci ayd\u0131r ve bundan sonraki d\u00f6nem sa\u00e7lar\u0131n uzad\u0131\u011f\u0131 d\u00f6nemdir.<\/p>\n<p>\u0130lk olarak yeni \u00e7\u0131kan sa\u00e7lar ile var olan sa\u00e7lar aras\u0131nda uzunluklar\u0131n\u0131n e\u015fit olmamas\u0131ndan dolay\u0131 fark olacakt\u0131r. Bu durumu istemeyen hastalar sa\u00e7lar\u0131n\u0131 t\u0131ra\u015flamay\u0131 tercih edebilir. Sa\u00e7 t\u0131ra\u015flamas\u0131 \u00fc\u00e7\u00fcnc\u00fc ay\u0131n sonunda kabuklar\u0131n at\u0131lmas\u0131yla yap\u0131lmas\u0131na izin verilen bir i\u015flemdir. Sa\u00e7lar\u0131n uzama s\u00fcreci baz\u0131 hastalarda bir y\u0131l\u0131n sonunda tamamlan\u0131rken baz\u0131 hastalarda bir y\u0131la ek olarak alt\u0131 ay daha uzayabilir. Burada \u00f6nemli olan yap\u0131lan bak\u0131m ve hastan\u0131n sa\u00e7 kal\u0131nl\u0131\u011f\u0131, sa\u00e7 rengidir. E\u011fer d\u00fczenli ve g\u00fczel bak\u0131m yap\u0131l\u0131rsa birinci y\u0131l\u0131n sonunda hastalar istenilen g\u00f6r\u00fcnt\u00fcye kavu\u015fmu\u015f olur. \u0130lk \u00e7\u0131kmaya ba\u015flayan sa\u00e7lar cans\u0131z ve c\u0131l\u0131zd\u0131r, bu sa\u00e7lar birinci y\u0131l\u0131n sonunda var olan sa\u00e7lara uyum g\u00f6stererek g\u00fc\u00e7lenir. Ayr\u0131ca ilk \u00e7\u0131kan sa\u00e7lar k\u0131v\u0131rc\u0131k ve d\u00fczensiz olabilir bu durum sekizinci ay\u0131n sonunda d\u00fczelecektir.<\/p>\n<p>Ekilen sa\u00e7lar\u0131n iyile\u015fme s\u00fcreci ve yeni sa\u00e7lar\u0131n ne zaman \u00e7\u0131kaca\u011f\u0131 temelde don\u00f6r b\u00f6lgesine g\u00f6re de de\u011fi\u015febilmektedir. Don\u00f6r b\u00f6lge olarak ense se\u00e7ildiyse veya g\u00f6\u011f\u00fcs, s\u0131rt, kol veya bacak se\u00e7ildiyse bu sa\u00e7lar\u0131n ne zaman \u00e7\u0131kaca\u011f\u0131na yans\u0131r. Ense b\u00f6lgesinden al\u0131nan sa\u00e7 k\u00f6kleri kafa derisiyle daha kolay uyum sa\u011flayaca\u011f\u0131 i\u00e7in di\u011fer don\u00f6r b\u00f6lgelerine g\u00f6re sa\u00e7 \u00e7\u0131kma zaman\u0131 ve iyile\u015fme s\u00fcreci k\u0131salacakt\u0131r. Ekilen sa\u00e7lar\u0131n iyile\u015fme s\u00fcreci ve yeni sa\u00e7lar\u0131n ne zaman \u00e7\u0131kaca\u011f\u0131na etkisi olan di\u011fer etken ise i\u015flemde kullan\u0131lan tekniktir. FUE veya DHI tekni\u011fiyle yap\u0131lan i\u015flemlerde bu s\u00fcre k\u0131salacakt\u0131r. Sa\u00e7 mezoterapisi, PRP ya da k\u00f6k h\u00fccre tedavileri sa\u00e7 ekim i\u015flemiyle uyguland\u0131\u011f\u0131nda sa\u00e7\u0131 g\u00fc\u00e7lendiren ve b\u00fcy\u00fcme h\u0131z\u0131n\u0131 artt\u0131ran i\u015flemlerdir. \u0130\u015flemden sonraki s\u00fcre\u00e7te A, B ve E vitaminleri, \u00e7inko ve demirden zengin beslenmenin bu s\u00fcrece olumlu etkilerine dikkat \u00e7ekilmektedir. Bu s\u00fcre\u00e7te do\u011fal ve dengeli beslenilmeli, haz\u0131r paketli ve yapay g\u0131dalardan uzak durulmal\u0131d\u0131r. Ayr\u0131ca sigara, alkol, \u00e7ay, kahve de hi\u00e7bir \u015fekilde t\u00fcketilmemesi gereken di\u011fer \u00fcr\u00fcnlerdir. Beslenmenin yan\u0131nda i\u00e7eri\u011finde E vitamini bulunan bak\u0131m \u00fcr\u00fcnleri (i\u015flem yapan hekimin \u00f6nerisiyle) kullan\u0131l\u0131rsa sa\u00e7 \u00e7\u0131kma h\u0131z\u0131 artacakt\u0131r.<\/p>\n<p>Unutmay\u0131n! Siz de sa\u00e7 ekimiyle g\u00f6r\u00fcn\u00fcm\u00fcn\u00fcz\u00fc tazeleyebilir, aynalarla bar\u0131\u015fabilirsiniz.<\/p>\n","protected":false},"excerpt":{"rendered":"<p>Sa\u00e7 ekimi sonras\u0131 bir an \u00f6nce istenilen g\u00f6r\u00fcnt\u00fcye kavu\u015fmak istenilse de bu s\u00fcre\u00e7 biraz bekleyi\u015f gerektirir. Dolay\u0131s\u0131yla bu i\u015flemi yapt\u0131ran veya yapt\u0131rmay\u0131 d\u00fc\u015f\u00fcnen ki\u015filer sa\u00e7lar\u0131n\u0131n ne zaman \u00e7\u0131kaca\u011f\u0131n\u0131 merak etmektedir. Yeni sa\u00e7lar\u0131n \u00e7\u0131kmas\u0131 i\u015flemde kullan\u0131lan tekni\u011fe g\u00f6re, hastan\u0131n sa\u00e7 telinin kal\u0131nl\u0131\u011f\u0131na ve rengine g\u00f6re, yap\u0131lan bak\u0131ma g\u00f6re, \u00e7evresel fakt\u00f6rlere g\u00f6re ve don\u00f6r b\u00f6lgesine g\u00f6re de\u011fi\u015fmektedir. [&hellip;]<\/p>\n","protected":false},"author":1,"featured_media":422,"comment_status":"open","ping_status":"open","sticky":false,"template":"","format":"standard","meta":{"footnotes":""},"categories":[3],"tags":[],"class_list":["post-421","post","type-post","status-publish","format-standard","has-post-thumbnail","hentry","category-blog"],"_links":{"self":[{"href":"https:\/\/www.drziyayavuz.com\/tr\/wp-json\/wp\/v2\/posts\/421","targetHints":{"allow":["GET"]}}],"collection":[{"href":"https:\/\/www.drziyayavuz.com\/tr\/wp-json\/wp\/v2\/posts"}],"about":[{"href":"https:\/\/www.drziyayavuz.com\/tr\/wp-json\/wp\/v2\/types\/post"}],"author":[{"embeddable":true,"href":"https:\/\/www.drziyayavuz.com\/tr\/wp-json\/wp\/v2\/users\/1"}],"replies":[{"embeddable":true,"href":"https:\/\/www.drziyayavuz.com\/tr\/wp-json\/wp\/v2\/comments?post=421"}],"version-history":[{"count":2,"href":"https:\/\/www.drziyayavuz.com\/tr\/wp-json\/wp\/v2\/posts\/421\/revisions"}],"predecessor-version":[{"id":424,"href":"https:\/\/www.drziyayavuz.com\/tr\/wp-json\/wp\/v2\/posts\/421\/revisions\/424"}],"wp:featuredmedia":[{"embeddable":true,"href":"https:\/\/www.drziyayavuz.com\/tr\/wp-json\/wp\/v2\/media\/422"}],"wp:attachment":[{"href":"https:\/\/www.drziyayavuz.com\/tr\/wp-json\/wp\/v2\/media?parent=421"}],"wp:term":[{"taxonomy":"category","embeddable":true,"href":"https:\/\/www.drziyayavuz.com\/tr\/wp-json\/wp\/v2\/categories?post=421"},{"taxonomy":"post_tag","embeddable":true,"href":"https:\/\/www.drziyayavuz.com\/tr\/wp-json\/wp\/v2\/tags?post=421"}],"curies":[{"name":"wp","href":"https:\/\/api.w.org\/{rel}","templated":true}]}}